{"id":7746,"date":"2026-08-30T23:49:25","date_gmt":"2026-08-30T23:49:25","guid":{"rendered":"https:\/\/levinson.fr\/?p=7746"},"modified":"2026-09-04T09:45:37","modified_gmt":"2026-09-04T09:45:37","slug":"causes-des-incendies-en-habitation-individuelle-et-collective-ce-qui-change-en-2026","status":"publish","type":"post","link":"https:\/\/levinson.fr\/en\/causes-des-incendies-en-habitation-individuelle-et-collective-ce-qui-change-en-2026\/","title":{"rendered":"Causes of fires in individual and collective housing: what will change in 2026."},"content":{"rendered":"<p class=\"wp-block-paragraph\">Un incendie domestique se d\u00e9clare toutes les deux minutes en France. Si les causes \u00ab classiques \u00bb, \u00e9lectricit\u00e9, chemin\u00e9e, n\u00e9gligence, restent majoritaires, un nouveau risque s&rsquo;impose rapidement dans les statistiques 2026 : les batteries lithium. Tour d&rsquo;horizon des causes de d\u00e9part de feu les plus fr\u00e9quentes, et de leurs sp\u00e9cificit\u00e9s selon que l&rsquo;on habite une maison individuelle ou un immeuble collectif.<\/p>\n\n\n\n<h2 class=\"wp-block-heading\">Les causes classiques restent majoritaires<\/h2>\n\n\n\n<p class=\"wp-block-paragraph\">Plusieurs facteurs reviennent chaque ann\u00e9e en t\u00eate des causes de d\u00e9part de feu dans les logements :<\/p>\n\n\n\n<ul class=\"wp-block-list\">\n<li><strong>Les installations \u00e9lectriques d\u00e9fectueuses<\/strong>&nbsp;: environ&nbsp;<strong>1 incendie sur 4<\/strong>&nbsp;en France est d&rsquo;origine \u00e9lectrique (court-circuit, surcharge de circuit, c\u00e2blage v\u00e9tuste). Un chiffre qui grimpe encore dans les logements anciens, o\u00f9 les installations n&rsquo;ont pas toujours \u00e9t\u00e9 mises aux normes actuelles.<\/li>\n\n\n\n<li><strong>La cuisine, premier point de d\u00e9part du feu<\/strong>&nbsp;: en France, environ&nbsp;<strong>72 % des incendies domestiques se d\u00e9clenchent en cuisine<\/strong>, plaque de cuisson oubli\u00e9e, huile de friture qui s&rsquo;enflamme, appareils en surchauffe.<\/li>\n\n\n\n<li><strong>Les \u00e9quipements de chauffage<\/strong>&nbsp;: chemin\u00e9es non ramon\u00e9es, po\u00eales \u00e0 bois mal entretenus, radiateurs trop proches de textiles ou de produits inflammables.<\/li>\n\n\n\n<li><strong>La n\u00e9gligence humaine<\/strong>&nbsp;: cigarettes mal \u00e9teintes, bougies laiss\u00e9es sans surveillance, appareils \u00e9lectriques laiss\u00e9s en charge toute la nuit.<\/li>\n<\/ul>\n\n\n\n<h2 class=\"wp-block-heading\">Le risque \u00e9mergent de 2026 : les batteries lithium<\/h2>\n\n\n\n<p class=\"wp-block-paragraph\">C&rsquo;est la nouveaut\u00e9 la plus marquante des statistiques r\u00e9centes. Les foyers fran\u00e7ais sont aujourd&rsquo;hui \u00e9quip\u00e9s d&rsquo;un nombre croissant d&rsquo;appareils \u00e0 batterie lithium-ion, t\u00e9l\u00e9phones, aspirateurs, outils de bricolage, v\u00e9los et trottinettes \u00e9lectriques. Selon les pompiers, un foyer type compte d\u00e9sormais environ&nbsp;<strong>26 appareils \u00e0 batterie au lithium<\/strong>, contre 19 il y a trois \u00e0 quatre ans, avec une charge souvent effectu\u00e9e la nuit ou en l&rsquo;absence des occupants, un facteur aggravant en cas de d\u00e9part de feu.<\/p>\n\n\n\n<figure class=\"wp-block-image size-large\"><img fetchpriority=\"high\" decoding=\"async\" width=\"1024\" height=\"576\" src=\"https:\/\/levinson.fr\/wp-content\/uploads\/2026\/08\/levinson.fr-causes-des-incendies-en-habitation-individuelle-et-collective-ce-qui-change-en-2026-depart-de-feu-batterie-1024x576.png\" alt=\"D\u00e9part de feu Batterie\" class=\"wp-image-7749\" srcset=\"https:\/\/levinson.fr\/wp-content\/uploads\/2026\/08\/levinson.fr-causes-des-incendies-en-habitation-individuelle-et-collective-ce-qui-change-en-2026-depart-de-feu-batterie-1024x576.png 1024w, https:\/\/levinson.fr\/wp-content\/uploads\/2026\/08\/levinson.fr-causes-des-incendies-en-habitation-individuelle-et-collective-ce-qui-change-en-2026-depart-de-feu-batterie-300x169.png 300w, https:\/\/levinson.fr\/wp-content\/uploads\/2026\/08\/levinson.fr-causes-des-incendies-en-habitation-individuelle-et-collective-ce-qui-change-en-2026-depart-de-feu-batterie-768x432.png 768w, https:\/\/levinson.fr\/wp-content\/uploads\/2026\/08\/levinson.fr-causes-des-incendies-en-habitation-individuelle-et-collective-ce-qui-change-en-2026-depart-de-feu-batterie-1536x864.png 1536w, https:\/\/levinson.fr\/wp-content\/uploads\/2026\/08\/levinson.fr-causes-des-incendies-en-habitation-individuelle-et-collective-ce-qui-change-en-2026-depart-de-feu-batterie-18x10.png 18w, https:\/\/levinson.fr\/wp-content\/uploads\/2026\/08\/levinson.fr-causes-des-incendies-en-habitation-individuelle-et-collective-ce-qui-change-en-2026-depart-de-feu-batterie-600x338.png 600w, https:\/\/levinson.fr\/wp-content\/uploads\/2026\/08\/levinson.fr-causes-des-incendies-en-habitation-individuelle-et-collective-ce-qui-change-en-2026-depart-de-feu-batterie-90x51.png 90w, https:\/\/levinson.fr\/wp-content\/uploads\/2026\/08\/levinson.fr-causes-des-incendies-en-habitation-individuelle-et-collective-ce-qui-change-en-2026-depart-de-feu-batterie.png 1672w\" sizes=\"(max-width: 1024px) 100vw, 1024px\" \/><\/figure>\n\n\n\n<p class=\"wp-block-paragraph\">Ce risque se traduit d\u00e9j\u00e0 dans les chiffres : selon la DGSCGC,&nbsp;<strong>1 incendie domestique sur 8 en zone urbaine impliquait une batterie lithium en 2025<\/strong>, les v\u00e9los et trottinettes \u00e9lectriques \u00e9tant responsables d&rsquo;environ&nbsp;<strong>43 % des feux de batteries en milieu r\u00e9sidentiel<\/strong>. Le ph\u00e9nom\u00e8ne en cause, appel\u00e9 emballement thermique, peut faire basculer une batterie d\u00e9faillante vers l&#8217;embrasement g\u00e9n\u00e9ralis\u00e9 en \u00e0 peine&nbsp;<strong>90 secondes<\/strong>, un d\u00e9lai qui laisse tr\u00e8s peu de marge pour r\u00e9agir, en particulier la nuit.<\/p>\n\n\n\n<h2 class=\"wp-block-heading\">Habitation individuelle : des risques sp\u00e9cifiques<\/h2>\n\n\n\n<p class=\"wp-block-paragraph\">Dans les maisons, certaines causes reviennent plus fr\u00e9quemment :<\/p>\n\n\n\n<ul class=\"wp-block-list\">\n<li><strong>Les feux de chemin\u00e9e<\/strong>, li\u00e9s \u00e0 un d\u00e9faut de ramonage ou \u00e0 une suie inflammable non \u00e9limin\u00e9e<\/li>\n\n\n\n<li><strong>La propagation aux combles<\/strong>, souvent aggrav\u00e9e par l&rsquo;absence de compartimentage dans les constructions anciennes<\/li>\n\n\n\n<li><strong>Les installations de chauffage au bois ou au fioul<\/strong>, v\u00e9tustes ou mal entretenues<\/li>\n<\/ul>\n\n\n\n<h2 class=\"wp-block-heading\">Habitation collective : des risques li\u00e9s \u00e0 la vie en immeuble<\/h2>\n\n\n\n<p class=\"wp-block-paragraph\">En copropri\u00e9t\u00e9, les causes de d\u00e9part de feu se distinguent par la configuration m\u00eame du b\u00e2timent et la mutualisation des \u00e9quipements :<\/p>\n\n\n\n<ul class=\"wp-block-list\">\n<li><strong>Les parties communes<\/strong>&nbsp;(caves, parkings, locaux poubelles, gaines techniques) concentrent une part importante des d\u00e9parts de feu, notamment li\u00e9s \u00e0 des installations \u00e9lectriques bricol\u00e9es ou vieillissantes<\/li>\n\n\n\n<li><strong>La suroccupation de certains logements<\/strong>, en particulier dans le parc social, favorise les branchements \u00e9lectriques improvis\u00e9s<\/li>\n\n\n\n<li><strong>Les parkings souterrains<\/strong>&nbsp;sont particuli\u00e8rement expos\u00e9s au risque de feux de batteries lithium (v\u00e9los et trottinettes \u00e9lectriques stock\u00e9s ou en charge), un point sur lequel la r\u00e9glementation s&rsquo;est d&rsquo;ailleurs renforc\u00e9e depuis janvier 2026 pour les zones de recharge de flottes \u00e9lectriques<\/li>\n\n\n\n<li><strong>La propagation rapide entre logements<\/strong>&nbsp;en cas de d\u00e9faillance des dispositifs coupe-feu (portes, gaines), ce qui explique pourquoi la maintenance de ces \u00e9quipements est une obligation r\u00e9glementaire sp\u00e9cifique aux copropri\u00e9t\u00e9s<\/li>\n<\/ul>\n\n\n\n<h2 class=\"wp-block-heading\">Pourquoi cette distinction compte pour la pr\u00e9vention<\/h2>\n\n\n\n<p class=\"wp-block-paragraph\">Ces diff\u00e9rences de profil de risque ne sont pas qu&rsquo;un d\u00e9tail statistique : elles orientent directement les priorit\u00e9s de pr\u00e9vention. Dans une maison individuelle, le ramonage annuel et l&rsquo;entretien du syst\u00e8me de chauffage restent la priorit\u00e9. Dans un immeuble collectif, c&rsquo;est la v\u00e9rification des \u00e9quipements de s\u00e9curit\u00e9 incendie dans les parties communes, d\u00e9senfumage, portes coupe-feu, d\u00e9tection, combin\u00e9e \u00e0 une vigilance accrue sur les zones de stockage et de recharge d&rsquo;appareils \u00e9lectriques, qui fait la diff\u00e9rence.<\/p>\n\n\n\n<h2 class=\"wp-block-heading\">Levinson, votre partenaire pr\u00e9vention incendie en France.<\/h2>\n\n\n\n<p class=\"wp-block-paragraph\">Bas\u00e9e \u00e0 Lyon,&nbsp;<strong>Levison<\/strong>&nbsp;accompagne les copropri\u00e9t\u00e9s, syndics et entreprises dans le diagnostic, l&rsquo;installation et la maintenance de leurs \u00e9quipements de s\u00e9curit\u00e9 incendie. Face \u00e0 l&rsquo;\u00e9volution des risques, notamment l&rsquo;essor des batteries lithium dans les parties communes et les parkings, un accompagnement professionnel reste le meilleur moyen d&rsquo;anticiper et de prot\u00e9ger les occupants.<\/p>\n\n\n\n<p class=\"wp-block-paragraph\">Vous souhaitez faire un point sur la s\u00e9curit\u00e9 incendie de votre immeuble ?&nbsp;<a href=\"https:\/\/levinson.fr\/en\/assistance\/\" title=\"\">Contactez notre \u00e9quipe<\/a>&nbsp;pour un diagnostic personnalis\u00e9 et gratuit.<\/p>\n\n\n\n<p class=\"wp-block-paragraph\"><\/p>","protected":false},"excerpt":{"rendered":"<p>Un incendie domestique se d\u00e9clare toutes les deux minutes en France. Si les causes \u00ab classiques \u00bb, \u00e9lectricit\u00e9, chemin\u00e9e, n\u00e9gligence, restent majoritaires, un nouveau risque s&rsquo;impose rapidement dans les statistiques 2026 : les batteries lithium. Tour d&rsquo;horizon des causes de d\u00e9part de feu les plus fr\u00e9quentes, et de leurs sp\u00e9cificit\u00e9s selon que l&rsquo;on habite une<\/p>\n<div class=\"klb-readmore post-buttons\"><a class=\"btn btn-black btn-rounded\" href=\"https:\/\/levinson.fr\/en\/causes-des-incendies-en-habitation-individuelle-et-collective-ce-qui-change-en-2026\/\">Read More <i class=\"klbth-icon-right-arrow\"><\/i><\/a><\/div>","protected":false},"author":1,"featured_media":7748,"comment_status":"closed","ping_status":"open","sticky":false,"template":"","format":"standard","meta":{"_acf_changed":false,"slim_seo":{"title":"Causes des incendies en habitation individuelle et collective : ce qui change en 2026. - LEVINSON","description":"Un incendie domestique se d\u00e9clare toutes les deux minutes en France. Si les causes \u00ab classiques \u00bb, \u00e9lectricit\u00e9, chemin\u00e9e, n\u00e9gligence, restent majoritaires, un n"},"_jetpack_newsletter_access":"","_jetpack_dont_email_post_to_subs":true,"_jetpack_newsletter_tier_id":0,"_jetpack_memberships_contains_paywalled_content":false,"_jetpack_feature_clip_id":0,"_jetpack_memberships_contains_paid_content":false,"_slim_seo_primary_term_category":201,"_slim_seo_primary_term_post_tag":215,"footnotes":"","jetpack_post_was_ever_published":false},"categories":[201],"tags":[215],"class_list":["post-7746","post","type-post","status-publish","format-standard","has-post-thumbnail","hentry","category-securite-incendie","tag-causes-incendies-coproprietes"],"acf":[],"jetpack_sharing_enabled":true,"jetpack_featured_media_url":"https:\/\/levinson.fr\/wp-content\/uploads\/2026\/08\/levinson.fr-causes-des-incendies-en-habitation-individuelle-et-collective-ce-qui-change-en-2026-incendie-domestique-levinson.png","_links":{"self":[{"href":"https:\/\/levinson.fr\/en\/wp-json\/wp\/v2\/posts\/7746","targetHints":{"allow":["GET"]}}],"collection":[{"href":"https:\/\/levinson.fr\/en\/wp-json\/wp\/v2\/posts"}],"about":[{"href":"https:\/\/levinson.fr\/en\/wp-json\/wp\/v2\/types\/post"}],"author":[{"embeddable":true,"href":"https:\/\/levinson.fr\/en\/wp-json\/wp\/v2\/users\/1"}],"replies":[{"embeddable":true,"href":"https:\/\/levinson.fr\/en\/wp-json\/wp\/v2\/comments?post=7746"}],"version-history":[{"count":3,"href":"https:\/\/levinson.fr\/en\/wp-json\/wp\/v2\/posts\/7746\/revisions"}],"predecessor-version":[{"id":7837,"href":"https:\/\/levinson.fr\/en\/wp-json\/wp\/v2\/posts\/7746\/revisions\/7837"}],"wp:featuredmedia":[{"embeddable":true,"href":"https:\/\/levinson.fr\/en\/wp-json\/wp\/v2\/media\/7748"}],"wp:attachment":[{"href":"https:\/\/levinson.fr\/en\/wp-json\/wp\/v2\/media?parent=7746"}],"wp:term":[{"taxonomy":"category","embeddable":true,"href":"https:\/\/levinson.fr\/en\/wp-json\/wp\/v2\/categories?post=7746"},{"taxonomy":"post_tag","embeddable":true,"href":"https:\/\/levinson.fr\/en\/wp-json\/wp\/v2\/tags?post=7746"}],"curies":[{"name":"wp","href":"https:\/\/api.w.org\/{rel}","templated":true}]}}